{"id":635,"date":"2020-01-11T18:31:56","date_gmt":"2020-01-11T17:31:56","guid":{"rendered":"http:\/\/www.stefanoquaglia.it\/wordpress\/?p=635"},"modified":"2020-09-21T22:22:20","modified_gmt":"2020-09-21T20:22:20","slug":"primarie-26-gennaio-2020-i-vincitori-saranno-i-legnanesi","status":"publish","type":"post","link":"https:\/\/www.stefanoquaglia.it\/wordpress\/index.php\/2020\/01\/11\/primarie-26-gennaio-2020-i-vincitori-saranno-i-legnanesi\/","title":{"rendered":"Primarie 26 gennaio 2020: i vincitori saranno i legnanesi"},"content":{"rendered":"<p><a href=\"http:\/\/www.stefanoquaglia.it\/wordpress\/wp-content\/uploads\/2020\/01\/IMG_7588.jpg\"><img loading=\"lazy\" decoding=\"async\" class=\"size-medium wp-image-637 alignleft\" src=\"http:\/\/www.stefanoquaglia.it\/wordpress\/wp-content\/uploads\/2020\/01\/IMG_7588-300x225.jpg\" alt=\"\" width=\"300\" height=\"225\" srcset=\"https:\/\/www.stefanoquaglia.it\/wordpress\/wp-content\/uploads\/2020\/01\/IMG_7588-300x225.jpg 300w, https:\/\/www.stefanoquaglia.it\/wordpress\/wp-content\/uploads\/2020\/01\/IMG_7588-768x576.jpg 768w, https:\/\/www.stefanoquaglia.it\/wordpress\/wp-content\/uploads\/2020\/01\/IMG_7588-1024x768.jpg 1024w, https:\/\/www.stefanoquaglia.it\/wordpress\/wp-content\/uploads\/2020\/01\/IMG_7588-320x240.jpg 320w, https:\/\/www.stefanoquaglia.it\/wordpress\/wp-content\/uploads\/2020\/01\/IMG_7588-800x600.jpg 800w\" sizes=\"auto, (max-width: 300px) 100vw, 300px\" \/><\/a>Il 26 gennaio 2020, per la prima volta, i legnanesi potranno scegliere un candidato sindaco con elezioni primarie.<br \/>\nSulla scia del richiamo del Presidente della Repubblica, che nell\u2019ultimo messaggio di fine anno ha invitato a coltivare la virt\u00f9 del civismo, Legnano vivr\u00e0 un importante momento di partecipazione, in cui tutti potranno esprimersi. Mai prima d\u2019ora i legnanesi sono stati chiamati a poter scegliere un candidato alla carica di sindaco, alle elezioni amministrative della prossima primavera troveremo sulla scheda un nome scelto dai cittadini in modo libero e trasparente.<br \/>\nFranco Brumana e Antonio Guarnieri, condividendo un programma di governo, si sfideranno alle elezioni primarie civiche legnanesi del 26 gennaio 2020 per stabilire chi sar\u00e0 il candidato sindaco di un grande raggruppamento civico. Una grande occasione per una svolta civica nella politica cittadina, per un civismo da non confondere con l\u2019odio verso i partiti ma come occasione affinch\u00e8 tutti possano maturare sensibilit\u00e0 per le esigenze della comunit\u00e0 di Legnano, con un profondo senso dei propri doveri da cittadino.<br \/>\nA queste elezioni primarie sostengo la candidatura di Franco Brumana, con il quale abbiamo condiviso in passato molte battaglie politiche e ambientaliste: penso a viale Cadorna, al Giudice di Pace, alla tutela del fiume Olona. La sua esperienza di amministratore comunale, nonch\u00e9 la sua profonda e appassionata conoscenza di Legnano, ne fanno un candidato sindaco ideale.<br \/>\nMa chiunque vincer\u00e0 fra Brumana e Guarnieri, i veri vincitori saremo noi legnanesi. Partecipiamo tutti alle primarie civiche del prossimo 26 gennaio, partecipiamo per costruire insieme il futuro della comunit\u00e0 di Legnano!<\/p>\n","protected":false},"excerpt":{"rendered":"<p>Il 26 gennaio 2020, per la prima volta, i legnanesi potranno scegliere un candidato sindaco con elezioni primarie. Sulla scia del richiamo del Presidente della Repubblica, che nell\u2019ultimo messaggio di fine anno ha invitato a coltivare la virt\u00f9 del civismo, &hellip; <a href=\"https:\/\/www.stefanoquaglia.it\/wordpress\/index.php\/2020\/01\/11\/primarie-26-gennaio-2020-i-vincitori-saranno-i-legnanesi\/\">Continua a leggere <span class=\"meta-nav\">&rarr;<\/span><\/a><\/p>\n","protected":false},"author":1,"featured_media":0,"comment_status":"closed","ping_status":"open","sticky":false,"template":"","format":"standard","meta":{"footnotes":""},"categories":[3],"tags":[],"class_list":["post-635","post","type-post","status-publish","format-standard","hentry","category-post"],"_links":{"self":[{"href":"https:\/\/www.stefanoquaglia.it\/wordpress\/index.php\/wp-json\/wp\/v2\/posts\/635","targetHints":{"allow":["GET"]}}],"collection":[{"href":"https:\/\/www.stefanoquaglia.it\/wordpress\/index.php\/wp-json\/wp\/v2\/posts"}],"about":[{"href":"https:\/\/www.stefanoquaglia.it\/wordpress\/index.php\/wp-json\/wp\/v2\/types\/post"}],"author":[{"embeddable":true,"href":"https:\/\/www.stefanoquaglia.it\/wordpress\/index.php\/wp-json\/wp\/v2\/users\/1"}],"replies":[{"embeddable":true,"href":"https:\/\/www.stefanoquaglia.it\/wordpress\/index.php\/wp-json\/wp\/v2\/comments?post=635"}],"version-history":[{"count":5,"href":"https:\/\/www.stefanoquaglia.it\/wordpress\/index.php\/wp-json\/wp\/v2\/posts\/635\/revisions"}],"predecessor-version":[{"id":708,"href":"https:\/\/www.stefanoquaglia.it\/wordpress\/index.php\/wp-json\/wp\/v2\/posts\/635\/revisions\/708"}],"wp:attachment":[{"href":"https:\/\/www.stefanoquaglia.it\/wordpress\/index.php\/wp-json\/wp\/v2\/media?parent=635"}],"wp:term":[{"taxonomy":"category","embeddable":true,"href":"https:\/\/www.stefanoquaglia.it\/wordpress\/index.php\/wp-json\/wp\/v2\/categories?post=635"},{"taxonomy":"post_tag","embeddable":true,"href":"https:\/\/www.stefanoquaglia.it\/wordpress\/index.php\/wp-json\/wp\/v2\/tags?post=635"}],"curies":[{"name":"wp","href":"https:\/\/api.w.org\/{rel}","templated":true}]}}